{"id":1010,"date":"2014-12-20T18:20:22","date_gmt":"2014-12-20T17:20:22","guid":{"rendered":"http:\/\/mnbruchepiemont.org\/?p=1010"},"modified":"2017-03-25T12:21:52","modified_gmt":"2017-03-25T11:21:52","slug":"une-princesse-retrouvee","status":"publish","type":"post","link":"https:\/\/mnbruchepiemont.org\/?p=1010","title":{"rendered":"Une princesse retrouv\u00e9e !"},"content":{"rendered":"<p><span style=\"text-align: right;\"><img decoding=\"async\" class=\"alignright\" src=\"https:\/\/mnbruchepiemont.org\/WORDPRESS\/wp-content\/uploads\/affiche-philomene.gif\" alt=\"\" \/><span style=\"color: #000000;\"><span style=\"font-size: 14pt;\">Le samedi<\/span> <strong>13 d\u00e9cembre de 14h00 \u00e0 17h30,<\/strong><\/span><\/span><br \/>\nla Maison de la nature Bruche Pi\u00e9mont a propos\u00e9 avec le p\u00e9riscolaire et la Mairie une animation originale au march\u00e9 de No\u00ebl de Mutzig.<\/p>\n<p>Les enfants pr\u00e9sents sont partis \u00e0 travers les bois pour retrouver la myst\u00e9rieuse princesse Philom\u00e8ne\u00a0! Cette grande aventure foresti\u00e8re s&#8217;est termin\u00e9e par un bon go\u00fbter partag\u00e9 avec petits et grands.<\/p>\n<p align=\"JUSTIFY\">Merci \u00e0 tous nos petits chevaliers pour leur participation \u00e0 cette belle aventure.<\/p>\n<p align=\"JUSTIFY\"><img decoding=\"async\" src=\"https:\/\/mnbruchepiemont.org\/WORDPRESS\/wp-content\/uploads\/Princesse_1.jpg\" alt=\"\" \/><\/p>\n<p align=\"JUSTIFY\"><a href=\"https:\/\/mnbruchepiemont.org\/WORDPRESS\/wp-content\/uploads\/noeljeudepiste.jpg\"><img loading=\"lazy\" decoding=\"async\" class=\"alignnone size-medium wp-image-1111\" src=\"https:\/\/mnbruchepiemont.org\/WORDPRESS\/wp-content\/uploads\/noeljeudepiste-300x200.jpg\" alt=\"noeljeudepiste\" width=\"300\" height=\"200\" srcset=\"https:\/\/mnbruchepiemont.org\/WORDPRESS\/wp-content\/uploads\/noeljeudepiste-300x200.jpg 300w, https:\/\/mnbruchepiemont.org\/WORDPRESS\/wp-content\/uploads\/noeljeudepiste.jpg 320w\" sizes=\"auto, (max-width: 300px) 100vw, 300px\" \/><\/a><\/p>\n","protected":false},"excerpt":{"rendered":"<p>Le samedi 13 d\u00e9cembre de 14h00 \u00e0 17h30, la Maison de la nature Bruche Pi\u00e9mont a propos\u00e9 avec le p\u00e9riscolaire et la Mairie une animation originale au march\u00e9 de No\u00ebl de Mutzig. Les enfants pr\u00e9sents sont partis \u00e0 travers les &hellip; <a href=\"https:\/\/mnbruchepiemont.org\/?p=1010\">Continuer la lecture <span class=\"meta-nav\">&rarr;<\/span><\/a><\/p>\n","protected":false},"author":8,"featured_media":0,"comment_status":"closed","ping_status":"closed","sticky":false,"template":"","format":"standard","meta":{"footnotes":""},"categories":[25],"tags":[88],"class_list":["post-1010","post","type-post","status-publish","format-standard","hentry","category-les-activites","tag-88"],"_links":{"self":[{"href":"https:\/\/mnbruchepiemont.org\/index.php?rest_route=\/wp\/v2\/posts\/1010","targetHints":{"allow":["GET"]}}],"collection":[{"href":"https:\/\/mnbruchepiemont.org\/index.php?rest_route=\/wp\/v2\/posts"}],"about":[{"href":"https:\/\/mnbruchepiemont.org\/index.php?rest_route=\/wp\/v2\/types\/post"}],"author":[{"embeddable":true,"href":"https:\/\/mnbruchepiemont.org\/index.php?rest_route=\/wp\/v2\/users\/8"}],"replies":[{"embeddable":true,"href":"https:\/\/mnbruchepiemont.org\/index.php?rest_route=%2Fwp%2Fv2%2Fcomments&post=1010"}],"version-history":[{"count":18,"href":"https:\/\/mnbruchepiemont.org\/index.php?rest_route=\/wp\/v2\/posts\/1010\/revisions"}],"predecessor-version":[{"id":1113,"href":"https:\/\/mnbruchepiemont.org\/index.php?rest_route=\/wp\/v2\/posts\/1010\/revisions\/1113"}],"wp:attachment":[{"href":"https:\/\/mnbruchepiemont.org\/index.php?rest_route=%2Fwp%2Fv2%2Fmedia&parent=1010"}],"wp:term":[{"taxonomy":"category","embeddable":true,"href":"https:\/\/mnbruchepiemont.org\/index.php?rest_route=%2Fwp%2Fv2%2Fcategories&post=1010"},{"taxonomy":"post_tag","embeddable":true,"href":"https:\/\/mnbruchepiemont.org\/index.php?rest_route=%2Fwp%2Fv2%2Ftags&post=1010"}],"curies":[{"name":"wp","href":"https:\/\/api.w.org\/{rel}","templated":true}]}}